{"id":37897,"date":"2025-09-15T23:51:00","date_gmt":"2025-09-16T06:51:00","guid":{"rendered":"https:\/\/businessforward.venturacounty.gov\/?p=37664"},"modified":"2025-09-15T23:51:00","modified_gmt":"2025-09-16T06:51:00","slug":"free-edc-events-and-webinars-this-fall","status":"publish","type":"post","link":"https:\/\/businessforward.venturacounty.gov\/es\/free-edc-events-and-webinars-this-fall\/","title":{"rendered":"Eventos y seminarios web gratuitos de EDC este oto\u00f1o:"},"content":{"rendered":"<h2 data-start=\"209\" data-end=\"274\">Aprende, Conecta, Crece<\/h2>\n<p data-start=\"276\" data-end=\"601\">El <strong data-start=\"280\" data-end=\"324\">Colaboraci\u00f3n para el Desarrollo Econ\u00f3mico (EDC)<\/strong>, junto con socios de confianza como SCORE, WEV y la SBA, est\u00e1 implementando un programa completo de <strong data-start=\"421\" data-end=\"462\">Eventos presenciales y seminarios web gratuitos<\/strong>. Estos programas est\u00e1n dise\u00f1ados para ayudar a las empresas del condado de Ventura a perfeccionar sus habilidades, ampliar sus redes y aprovechar nuevas oportunidades.<\/p>\n<h3 data-start=\"603\" data-end=\"625\"><span style=\"color: #0b7577;\"><br \/>\nEventos presenciales<\/span><\/h3>\n<ul data-start=\"626\" data-end=\"1443\">\n<li data-start=\"626\" data-end=\"919\">\n<p data-start=\"628\" data-end=\"919\"><strong data-start=\"628\" data-end=\"699\">Listos \u2022 Preparados \u2022 \u00a1A crecer!: Serie de talleres para el \u00e9xito de las peque\u00f1as empresas \u2013 Oxnard<\/strong><br data-start=\"699\" data-end=\"702\" \/><em data-start=\"704\" data-end=\"719\">Organizado por EDC<\/em><br data-start=\"719\" data-end=\"722\" \/>16, 23 y 30 de septiembre a las 9:00 h, Biblioteca Principal de Oxnard<br data-start=\"775\" data-end=\"778\" \/>Talleres pr\u00e1cticos que abarcan el cumplimiento legal, la planificaci\u00f3n financiera y el marketing.<br data-start=\"860\" data-end=\"863\" \/><a class=\"decorated-link cursor-pointer\" href=\"https:\/\/docs.google.com\/forms\/d\/e\/1FAIpQLScHtenPWwvPBwUoXcRX8eKUU9MW-zro422CamTuQV5pbFY9Bg\/viewform?pli=1\" target=\"_new\" rel=\"noopener\" data-start=\"865\" data-end=\"917\">REG\u00cdSTRESE AQU\u00cd<\/a><\/p>\n<\/li>\n<li data-start=\"921\" data-end=\"1176\">\n<p data-start=\"923\" data-end=\"1176\"><strong data-start=\"923\" data-end=\"975\">C\u00f3mo llevar tu negocio a internet (\u00a1y darlo a conocer!)<\/strong><br data-start=\"975\" data-end=\"978\" \/><em data-start=\"980\" data-end=\"1024\">Presentado por SCORE, EDC, WEV y socios.<\/em><br data-start=\"1024\" data-end=\"1027\" \/>22 de septiembre a las 9:30 h, Escuela para Adultos de Moorpark<br data-start=\"1074\" data-end=\"1077\" \/>Crea o mejora tu sitio web con la ayuda de expertos.<br data-start=\"1130\" data-end=\"1133\" \/><a class=\"decorated-link\" href=\"https:\/\/www.score.org\/ventura\/event\/how-get-your-business-online-and-out-there\" target=\"_new\" rel=\"noopener\" data-start=\"1135\" data-end=\"1174\">REG\u00cdSTRESE AQU\u00cd<\/a><\/p>\n<\/li>\n<li data-start=\"1178\" data-end=\"1443\">\n<p data-start=\"1180\" data-end=\"1443\"><strong data-start=\"1180\" data-end=\"1252\">Listos \u2022 Preparados \u2022 \u00a1A crecer!: Serie de talleres para el \u00e9xito de las peque\u00f1as empresas \u2013 Ventura<\/strong><br data-start=\"1252\" data-end=\"1255\" \/><em data-start=\"1257\" data-end=\"1272\">Organizado por EDC<\/em><br data-start=\"1272\" data-end=\"1275\" \/>2, 9 y 16 de octubre a las 8:00 a. m., Ayuntamiento de Ventura<br data-start=\"1322\" data-end=\"1325\" \/>El mismo programa educativo de gran impacto, ahora disponible en una nueva ubicaci\u00f3n.<br data-start=\"1384\" data-end=\"1387\" \/><a class=\"decorated-link cursor-pointer\" href=\"https:\/\/docs.google.com\/forms\/d\/e\/1FAIpQLSddFfaSRVz660G5oP3XlVoUq4v1hlb126XaYyEbnW83aqRCrQ\/viewform\" target=\"_new\" rel=\"noopener\" data-start=\"1389\" data-end=\"1441\">REG\u00cdSTRESE AQU\u00cd<\/a><\/p>\n<\/li>\n<\/ul>\n<h3 data-start=\"1445\" data-end=\"1467\"><span style=\"color: #0b7577;\"><br \/>\nSeminarios web para socios<\/span><\/h3>\n<ul data-start=\"1468\" data-end=\"2407\">\n<li data-start=\"1468\" data-end=\"1618\">\n<p data-start=\"1470\" data-end=\"1618\"><strong data-start=\"1470\" data-end=\"1521\">\u00a1Impulsemos tu nuevo negocio este trimestre!<\/strong> \u2013 16 de septiembre a las 10:00 h<br data-start=\"1547\" data-end=\"1550\" \/><em data-start=\"1552\" data-end=\"1572\">Presentado por SCORE<\/em><br data-start=\"1572\" data-end=\"1575\" \/><a class=\"decorated-link\" href=\"https:\/\/www.score.org\/losangeles\/event\/lets-jump-start-your-new-business-quarter\" target=\"_new\" rel=\"noopener\" data-start=\"1577\" data-end=\"1616\">REG\u00cdSTRESE AQU\u00cd<\/a><\/p>\n<\/li>\n<li data-start=\"1620\" data-end=\"1774\">\n<p data-start=\"1622\" data-end=\"1774\"><strong data-start=\"1622\" data-end=\"1677\">Utiliza la IA para convertir tus fichas de Google en un im\u00e1n para clientes.<\/strong> \u2013 17 de septiembre a las 11:00 h<br data-start=\"1703\" data-end=\"1706\" \/><em data-start=\"1708\" data-end=\"1728\">Presentado por SCORE<\/em><br data-start=\"1728\" data-end=\"1731\" \/><a class=\"decorated-link\" href=\"https:\/\/www.score.org\/losangeles\/event\/use-ai-turn-google-listings-a-client-magnet\" target=\"_new\" rel=\"noopener\" data-start=\"1733\" data-end=\"1772\">REG\u00cdSTRESE AQU\u00cd<\/a><\/p>\n<\/li>\n<li data-start=\"1776\" data-end=\"1922\">\n<p data-start=\"1778\" data-end=\"1922\"><strong data-start=\"1778\" data-end=\"1825\">\u00bfListo para lanzar tu campa\u00f1a de financiaci\u00f3n colectiva?<\/strong> \u2013 18 de septiembre a las 11:00 h<br data-start=\"1851\" data-end=\"1854\" \/><em data-start=\"1856\" data-end=\"1876\">Presentado por SCORE<\/em><br data-start=\"1876\" data-end=\"1879\" \/><a class=\"decorated-link\" href=\"https:\/\/www.score.org\/losangeles\/event\/ready-launch-your-crowdfunding-campaign\" target=\"_new\" rel=\"noopener\" data-start=\"1881\" data-end=\"1920\">REG\u00cdSTRESE AQU\u00cd<\/a><\/p>\n<\/li>\n<li data-start=\"1924\" data-end=\"2091\">\n<p data-start=\"1926\" data-end=\"2091\"><strong data-start=\"1926\" data-end=\"1994\">Capacitaci\u00f3n para la certificaci\u00f3n MySBA: C\u00f3mo navegar el proceso de solicitud<\/strong> \u2013 18 de septiembre a las 11:00 h<br data-start=\"2020\" data-end=\"2023\" \/><em data-start=\"2025\" data-end=\"2047\">Presentado por la SBA<\/em><br data-start=\"2047\" data-end=\"2050\" \/><a class=\"decorated-link\" href=\"https:\/\/www.sba.gov\/event\/72413\" target=\"_new\" rel=\"noopener\" data-start=\"2052\" data-end=\"2089\">REG\u00cdSTRESE AQU\u00cd<\/a><\/p>\n<\/li>\n<li data-start=\"2093\" data-end=\"2224\">\n<p data-start=\"2095\" data-end=\"2224\"><strong data-start=\"2095\" data-end=\"2128\">C\u00f3mo hacer negocios con LAUSD<\/strong> \u2013 18 de septiembre a la 1:00 p. m.<br data-start=\"2153\" data-end=\"2156\" \/><em data-start=\"2158\" data-end=\"2180\">Presentado por la SBA<\/em><br data-start=\"2180\" data-end=\"2183\" \/><a class=\"decorated-link\" href=\"https:\/\/www.sba.gov\/event\/72328\" target=\"_new\" rel=\"noopener\" data-start=\"2185\" data-end=\"2222\">REG\u00cdSTRESE AQU\u00cd<\/a><\/p>\n<\/li>\n<li data-start=\"2226\" data-end=\"2407\">\n<p data-start=\"2228\" data-end=\"2407\"><strong data-start=\"2228\" data-end=\"2311\">Rompe el ciclo de la tributaci\u00f3n sobre la renta: una alternativa al efectivo en el balance general.<\/strong> \u2013 18 de septiembre a las 14:00<br data-start=\"2336\" data-end=\"2339\" \/><em data-start=\"2341\" data-end=\"2361\">Presentado por SCORE<\/em><br data-start=\"2361\" data-end=\"2364\" \/><a class=\"decorated-link\" href=\"https:\/\/www.score.org\/losangeles\/event\/break-cycle-income-taxation-alternative-cash-balance-sheet-1\" target=\"_new\" rel=\"noopener\" data-start=\"2366\" data-end=\"2405\">REG\u00cdSTRESE AQU\u00cd<\/a><\/p>\n<\/li>\n<\/ul>\n<h3 data-start=\"2409\" data-end=\"2431\"><\/h3>\n<h3 data-start=\"2409\" data-end=\"2431\"><span style=\"color: #0b7577;\">Ponte al d\u00eda cuando quieras.<\/span><\/h3>\n<p data-start=\"2432\" data-end=\"2564\">\u00bfTe perdiste alguna sesi\u00f3n? Accede a las grabaciones y notas de los seminarios web anteriores de EDC. <a href=\"https:\/\/edcollaborative.com\/previous-events\/\">AQU\u00cd.<\/a><\/p>\n<p data-start=\"2566\" data-end=\"2698\">Para consultar el calendario completo de ofertas de EDC y sus socios, visite la p\u00e1gina web. <a class=\"decorated-link cursor-pointer\" href=\"https:\/\/edcollaborative.com\/upcoming-events\/\" target=\"_new\" rel=\"noopener\" data-start=\"2642\" data-end=\"2695\">P\u00e1gina de eventos de EDC<\/a>.<\/p>","protected":false},"excerpt":{"rendered":"<p>Learn, Connect, Grow The Economic Development Collaborative (EDC), together with trusted partners like SCORE, WEV, and the SBA, is rolling out a full schedule of no-cost in-person events and webinars. [&hellip;]<\/p>\n","protected":false},"author":5,"featured_media":37898,"comment_status":"closed","ping_status":"open","sticky":false,"template":"","format":"standard","meta":{"footnotes":""},"categories":[12,43],"tags":[],"class_list":["post-37897","post","type-post","status-publish","format-standard","has-post-thumbnail","hentry","category-blog","category-business"],"_links":{"self":[{"href":"https:\/\/businessforward.venturacounty.gov\/es\/wp-json\/wp\/v2\/posts\/37897","targetHints":{"allow":["GET"]}}],"collection":[{"href":"https:\/\/businessforward.venturacounty.gov\/es\/wp-json\/wp\/v2\/posts"}],"about":[{"href":"https:\/\/businessforward.venturacounty.gov\/es\/wp-json\/wp\/v2\/types\/post"}],"author":[{"embeddable":true,"href":"https:\/\/businessforward.venturacounty.gov\/es\/wp-json\/wp\/v2\/users\/5"}],"replies":[{"embeddable":true,"href":"https:\/\/businessforward.venturacounty.gov\/es\/wp-json\/wp\/v2\/comments?post=37897"}],"version-history":[{"count":0,"href":"https:\/\/businessforward.venturacounty.gov\/es\/wp-json\/wp\/v2\/posts\/37897\/revisions"}],"wp:featuredmedia":[{"embeddable":true,"href":"https:\/\/businessforward.venturacounty.gov\/es\/wp-json\/wp\/v2\/media\/37898"}],"wp:attachment":[{"href":"https:\/\/businessforward.venturacounty.gov\/es\/wp-json\/wp\/v2\/media?parent=37897"}],"wp:term":[{"taxonomy":"category","embeddable":true,"href":"https:\/\/businessforward.venturacounty.gov\/es\/wp-json\/wp\/v2\/categories?post=37897"},{"taxonomy":"post_tag","embeddable":true,"href":"https:\/\/businessforward.venturacounty.gov\/es\/wp-json\/wp\/v2\/tags?post=37897"}],"curies":[{"name":"wp","href":"https:\/\/api.w.org\/{rel}","templated":true}]}}